{"id":12120,"date":"2025-06-05T13:47:42","date_gmt":"2025-06-05T11:47:42","guid":{"rendered":"https:\/\/www.lastrada-derweg.org\/?p=12120"},"modified":"2025-06-05T13:47:43","modified_gmt":"2025-06-05T11:47:43","slug":"vereinsfeier","status":"publish","type":"post","link":"https:\/\/www.lastrada-derweg.org\/?p=12120&lang=de","title":{"rendered":"Vereinsfeier"},"content":{"rendered":"\n<p>Der Verein <em>La Strada-Der Weg<\/em> wurde am <strong>14. Juni 1978<\/strong> auf Initiative einer Gruppe von 18 Freiwilligen unter der Leitung von <em>Don Giancarlo Bertagnolli<\/em> gegr\u00fcndet. Um den Geburtstag zu feiern, findet auch dieses Jahr wieder das Fest f\u00fcr die B\u00fcrger und insbesondere f\u00fcr das Stadtviertel <em>Europa-Novacella<\/em> statt, in dem der Verein seit 1985 seinen Sitz hat.<\/p>\n","protected":false},"excerpt":{"rendered":"<p>Der Verein La Strada-Der Weg wurde am 14. Juni 1978 auf Initiative einer Gruppe von 18 Freiwilligen unter der Leitung von Don Giancarlo Bertagnolli gegr\u00fcndet. Um den Geburtstag zu feiern, findet auch dieses Jahr wieder das Fest f\u00fcr die B\u00fcrger und insbesondere f\u00fcr das Stadtviertel Europa-Novacella statt, in dem der Verein seit 1985 seinen Sitz&hellip;<\/p>\n","protected":false},"author":4,"featured_media":12118,"comment_status":"closed","ping_status":"open","sticky":false,"template":"","format":"standard","meta":{"footnotes":""},"categories":[22],"tags":[],"class_list":["post-12120","post","type-post","status-publish","format-standard","has-post-thumbnail","hentry","category-news-de","category-22","description-off"],"_links":{"self":[{"href":"https:\/\/www.lastrada-derweg.org\/index.php?rest_route=\/wp\/v2\/posts\/12120","targetHints":{"allow":["GET"]}}],"collection":[{"href":"https:\/\/www.lastrada-derweg.org\/index.php?rest_route=\/wp\/v2\/posts"}],"about":[{"href":"https:\/\/www.lastrada-derweg.org\/index.php?rest_route=\/wp\/v2\/types\/post"}],"author":[{"embeddable":true,"href":"https:\/\/www.lastrada-derweg.org\/index.php?rest_route=\/wp\/v2\/users\/4"}],"replies":[{"embeddable":true,"href":"https:\/\/www.lastrada-derweg.org\/index.php?rest_route=%2Fwp%2Fv2%2Fcomments&post=12120"}],"version-history":[{"count":1,"href":"https:\/\/www.lastrada-derweg.org\/index.php?rest_route=\/wp\/v2\/posts\/12120\/revisions"}],"predecessor-version":[{"id":12121,"href":"https:\/\/www.lastrada-derweg.org\/index.php?rest_route=\/wp\/v2\/posts\/12120\/revisions\/12121"}],"wp:featuredmedia":[{"embeddable":true,"href":"https:\/\/www.lastrada-derweg.org\/index.php?rest_route=\/wp\/v2\/media\/12118"}],"wp:attachment":[{"href":"https:\/\/www.lastrada-derweg.org\/index.php?rest_route=%2Fwp%2Fv2%2Fmedia&parent=12120"}],"wp:term":[{"taxonomy":"category","embeddable":true,"href":"https:\/\/www.lastrada-derweg.org\/index.php?rest_route=%2Fwp%2Fv2%2Fcategories&post=12120"},{"taxonomy":"post_tag","embeddable":true,"href":"https:\/\/www.lastrada-derweg.org\/index.php?rest_route=%2Fwp%2Fv2%2Ftags&post=12120"}],"curies":[{"name":"wp","href":"https:\/\/api.w.org\/{rel}","templated":true}]}}