{"id":5296,"date":"2020-11-14T12:10:22","date_gmt":"2020-11-14T11:10:22","guid":{"rendered":"https:\/\/www.lastrada-derweg.org\/?p=5296"},"modified":"2020-11-14T12:10:22","modified_gmt":"2020-11-14T11:10:22","slug":"la-presenza-del-virus","status":"publish","type":"post","link":"https:\/\/www.lastrada-derweg.org\/?p=5296","title":{"rendered":"La presenza del virus"},"content":{"rendered":"\n<p>Rispetto alla scorsa primavera l&#8217;esplosione della seconda fase dell&#8217;emergenza sanitaria ha inciso in modo differente sulla vita e il lavoro dell&#8217;Associazione. Le attivit\u00e0, al momento, proseguono, con una diffusa regolarit\u00e0. Si sono per\u00f2 registrati alcuni casi di positivit\u00e0, tra operatori e tra volontari. Questo ha comportato notevoli fatiche organizzative, per permettere i periodi di quarantena previsti, effettuare i tamponi, sanificare i locali, provvedere alle sostituzioni. Gli effetti dell&#8217;epidemia dunque si sono fatti concreti e incidono in modo percepibile sulla quotidianit\u00e0. La collaborazione e la coesione interna, le tante risorse ancora disponibili, l&#8217;abitudine alla flessibilit\u00e0 operativa hanno sin qui permesso di affrontare positivamente la situazione e garantire il normale svolgimento di tutti i servizi e i progetti.<\/p>\n","protected":false},"excerpt":{"rendered":"<p>Rispetto alla scorsa primavera l&#8217;esplosione della seconda fase dell&#8217;emergenza sanitaria ha inciso in modo differente sulla vita e il lavoro dell&#8217;Associazione. Le attivit\u00e0, al momento, proseguono, con una diffusa regolarit\u00e0. Si sono per\u00f2 registrati alcuni casi di positivit\u00e0, tra operatori e tra volontari. Questo ha comportato notevoli fatiche organizzative, per permettere i periodi di quarantena&hellip;<\/p>\n","protected":false},"author":4,"featured_media":5297,"comment_status":"closed","ping_status":"open","sticky":false,"template":"","format":"standard","meta":{"footnotes":""},"categories":[1],"tags":[],"class_list":["post-5296","post","type-post","status-publish","format-standard","has-post-thumbnail","hentry","category-news","category-1","description-off"],"_links":{"self":[{"href":"https:\/\/www.lastrada-derweg.org\/index.php?rest_route=\/wp\/v2\/posts\/5296","targetHints":{"allow":["GET"]}}],"collection":[{"href":"https:\/\/www.lastrada-derweg.org\/index.php?rest_route=\/wp\/v2\/posts"}],"about":[{"href":"https:\/\/www.lastrada-derweg.org\/index.php?rest_route=\/wp\/v2\/types\/post"}],"author":[{"embeddable":true,"href":"https:\/\/www.lastrada-derweg.org\/index.php?rest_route=\/wp\/v2\/users\/4"}],"replies":[{"embeddable":true,"href":"https:\/\/www.lastrada-derweg.org\/index.php?rest_route=%2Fwp%2Fv2%2Fcomments&post=5296"}],"version-history":[{"count":1,"href":"https:\/\/www.lastrada-derweg.org\/index.php?rest_route=\/wp\/v2\/posts\/5296\/revisions"}],"predecessor-version":[{"id":5298,"href":"https:\/\/www.lastrada-derweg.org\/index.php?rest_route=\/wp\/v2\/posts\/5296\/revisions\/5298"}],"wp:featuredmedia":[{"embeddable":true,"href":"https:\/\/www.lastrada-derweg.org\/index.php?rest_route=\/wp\/v2\/media\/5297"}],"wp:attachment":[{"href":"https:\/\/www.lastrada-derweg.org\/index.php?rest_route=%2Fwp%2Fv2%2Fmedia&parent=5296"}],"wp:term":[{"taxonomy":"category","embeddable":true,"href":"https:\/\/www.lastrada-derweg.org\/index.php?rest_route=%2Fwp%2Fv2%2Fcategories&post=5296"},{"taxonomy":"post_tag","embeddable":true,"href":"https:\/\/www.lastrada-derweg.org\/index.php?rest_route=%2Fwp%2Fv2%2Ftags&post=5296"}],"curies":[{"name":"wp","href":"https:\/\/api.w.org\/{rel}","templated":true}]}}