{"id":6687,"date":"2021-09-27T14:41:31","date_gmt":"2021-09-27T12:41:31","guid":{"rendered":"https:\/\/www.lastrada-derweg.org\/?p=6687"},"modified":"2021-09-27T16:09:13","modified_gmt":"2021-09-27T14:09:13","slug":"vereinstag-2021","status":"publish","type":"post","link":"https:\/\/www.lastrada-derweg.org\/?p=6687&lang=de","title":{"rendered":"Vereinstag 2021"},"content":{"rendered":"\n<p>Um uns die M\u00f6glichkeit zu geben, uns in Pr\u00e4senz zu treffen, mussten wir den Vereinstag 2021 auf eine ungew\u00f6hnliche und ganz andere Weise als in der Vergangenheit organisieren. <em>Wir werden uns in <strong>F\u00dcNF verschiedenen Gruppen<\/strong> treffen, an verschiedenen Orten und zu verschiedenen Zeiten, aber alle mit dem Wunsch, zur St\u00e4rkung der Vereinsidentit\u00e4t und zur st\u00e4ndigen Verbesserung beizutragen.<\/em><\/p>\n\n\n\n<p>Oktober 2021 von 10.30 Uhr bis 12.30 Uhr in Bozen<\/p>\n\n\n\n<p><strong>4<\/strong>. Oktober 2021 von 14.00 bis 16.00 Uhr in Bozen<\/p>\n\n\n\n<p><strong>7<\/strong>. Oktober 2021 von 10.30 Uhr bis 12.30 Uhr in Meran<\/p>\n\n\n\n<p><strong>13.<\/strong> Oktober 2021 von 10.00 Uhr bis 12.00 Uhr in Bruneck<\/p>\n\n\n\n<p><strong>14<\/strong>. Oktober 2021 von 14 Uhr bis 16 Uhr in Brixen<\/p>\n","protected":false},"excerpt":{"rendered":"<p>Um uns die M\u00f6glichkeit zu geben, uns in Pr\u00e4senz zu treffen, mussten wir den Vereinstag 2021 auf eine ungew\u00f6hnliche und ganz andere Weise als in der Vergangenheit organisieren. Wir werden uns in F\u00dcNF verschiedenen Gruppen treffen, an verschiedenen Orten und zu verschiedenen Zeiten, aber alle mit dem Wunsch, zur St\u00e4rkung der Vereinsidentit\u00e4t und zur st\u00e4ndigen&hellip;<\/p>\n","protected":false},"author":4,"featured_media":6686,"comment_status":"closed","ping_status":"open","sticky":false,"template":"","format":"standard","meta":{"footnotes":""},"categories":[22],"tags":[],"class_list":["post-6687","post","type-post","status-publish","format-standard","has-post-thumbnail","hentry","category-news-de","category-22","description-off"],"_links":{"self":[{"href":"https:\/\/www.lastrada-derweg.org\/index.php?rest_route=\/wp\/v2\/posts\/6687","targetHints":{"allow":["GET"]}}],"collection":[{"href":"https:\/\/www.lastrada-derweg.org\/index.php?rest_route=\/wp\/v2\/posts"}],"about":[{"href":"https:\/\/www.lastrada-derweg.org\/index.php?rest_route=\/wp\/v2\/types\/post"}],"author":[{"embeddable":true,"href":"https:\/\/www.lastrada-derweg.org\/index.php?rest_route=\/wp\/v2\/users\/4"}],"replies":[{"embeddable":true,"href":"https:\/\/www.lastrada-derweg.org\/index.php?rest_route=%2Fwp%2Fv2%2Fcomments&post=6687"}],"version-history":[{"count":2,"href":"https:\/\/www.lastrada-derweg.org\/index.php?rest_route=\/wp\/v2\/posts\/6687\/revisions"}],"predecessor-version":[{"id":6689,"href":"https:\/\/www.lastrada-derweg.org\/index.php?rest_route=\/wp\/v2\/posts\/6687\/revisions\/6689"}],"wp:featuredmedia":[{"embeddable":true,"href":"https:\/\/www.lastrada-derweg.org\/index.php?rest_route=\/wp\/v2\/media\/6686"}],"wp:attachment":[{"href":"https:\/\/www.lastrada-derweg.org\/index.php?rest_route=%2Fwp%2Fv2%2Fmedia&parent=6687"}],"wp:term":[{"taxonomy":"category","embeddable":true,"href":"https:\/\/www.lastrada-derweg.org\/index.php?rest_route=%2Fwp%2Fv2%2Fcategories&post=6687"},{"taxonomy":"post_tag","embeddable":true,"href":"https:\/\/www.lastrada-derweg.org\/index.php?rest_route=%2Fwp%2Fv2%2Ftags&post=6687"}],"curies":[{"name":"wp","href":"https:\/\/api.w.org\/{rel}","templated":true}]}}