{"id":7123,"date":"2022-03-01T12:24:37","date_gmt":"2022-03-01T11:24:37","guid":{"rendered":"https:\/\/www.lastrada-derweg.org\/?p=7123"},"modified":"2022-03-01T12:40:48","modified_gmt":"2022-03-01T11:40:48","slug":"fragilita","status":"publish","type":"post","link":"https:\/\/www.lastrada-derweg.org\/?p=7123","title":{"rendered":"Fragilit\u00e0"},"content":{"rendered":"\n<p>Gioved\u00ec 10 marzo ore 18.00 &#8211; Piattaforma Zoom<\/p>\n\n\n\n<p>Incontro con <em><strong>G\u00fcnther Don\u00e0<\/strong><\/em> (geriatra), <em><strong>Paolo Endrizzi<\/strong><\/em> (educatore), <em><strong>Floriana Gavazzi<\/strong><\/em> (giornalista e insegnante), <em><strong>Luigi Loddi<\/strong><\/em> (terapeuta, gi\u00e0 direttore della Scuola &#8220;<em>Hanna Arendt<\/em>&#8220;), <em><strong>Paolo Lorenzi<\/strong><\/em> (insegnante ed ex dirigente scolastico), <em><strong>Rodolfo Tomasi<\/strong><\/em> (psichiatra), <em><strong>Liana Zancanella<\/strong><\/em> (assistente sociale, gi\u00e0 direttrice IPAI).<\/p>\n","protected":false},"excerpt":{"rendered":"<p>Gioved\u00ec 10 marzo ore 18.00 &#8211; Piattaforma Zoom Incontro con G\u00fcnther Don\u00e0 (geriatra), Paolo Endrizzi (educatore), Floriana Gavazzi (giornalista e insegnante), Luigi Loddi (terapeuta, gi\u00e0 direttore della Scuola &#8220;Hanna Arendt&#8220;), Paolo Lorenzi (insegnante ed ex dirigente scolastico), Rodolfo Tomasi (psichiatra), Liana Zancanella (assistente sociale, gi\u00e0 direttrice IPAI).<\/p>\n","protected":false},"author":4,"featured_media":7132,"comment_status":"closed","ping_status":"open","sticky":false,"template":"","format":"standard","meta":{"footnotes":""},"categories":[1],"tags":[],"class_list":["post-7123","post","type-post","status-publish","format-standard","has-post-thumbnail","hentry","category-news","category-1","description-off"],"_links":{"self":[{"href":"https:\/\/www.lastrada-derweg.org\/index.php?rest_route=\/wp\/v2\/posts\/7123","targetHints":{"allow":["GET"]}}],"collection":[{"href":"https:\/\/www.lastrada-derweg.org\/index.php?rest_route=\/wp\/v2\/posts"}],"about":[{"href":"https:\/\/www.lastrada-derweg.org\/index.php?rest_route=\/wp\/v2\/types\/post"}],"author":[{"embeddable":true,"href":"https:\/\/www.lastrada-derweg.org\/index.php?rest_route=\/wp\/v2\/users\/4"}],"replies":[{"embeddable":true,"href":"https:\/\/www.lastrada-derweg.org\/index.php?rest_route=%2Fwp%2Fv2%2Fcomments&post=7123"}],"version-history":[{"count":2,"href":"https:\/\/www.lastrada-derweg.org\/index.php?rest_route=\/wp\/v2\/posts\/7123\/revisions"}],"predecessor-version":[{"id":7134,"href":"https:\/\/www.lastrada-derweg.org\/index.php?rest_route=\/wp\/v2\/posts\/7123\/revisions\/7134"}],"wp:featuredmedia":[{"embeddable":true,"href":"https:\/\/www.lastrada-derweg.org\/index.php?rest_route=\/wp\/v2\/media\/7132"}],"wp:attachment":[{"href":"https:\/\/www.lastrada-derweg.org\/index.php?rest_route=%2Fwp%2Fv2%2Fmedia&parent=7123"}],"wp:term":[{"taxonomy":"category","embeddable":true,"href":"https:\/\/www.lastrada-derweg.org\/index.php?rest_route=%2Fwp%2Fv2%2Fcategories&post=7123"},{"taxonomy":"post_tag","embeddable":true,"href":"https:\/\/www.lastrada-derweg.org\/index.php?rest_route=%2Fwp%2Fv2%2Ftags&post=7123"}],"curies":[{"name":"wp","href":"https:\/\/api.w.org\/{rel}","templated":true}]}}